{"id":1663,"date":"2016-05-17T13:47:46","date_gmt":"2016-05-17T11:47:46","guid":{"rendered":"http:\/\/inoxstal.eu\/?p=1663"},"modified":"2021-03-26T14:38:58","modified_gmt":"2021-03-26T13:38:58","slug":"otwarcie-placu-sw-floriana-przy-budynku-osp-w-radzyminie","status":"publish","type":"post","link":"https:\/\/inoxstal.eu\/index.php\/2016\/05\/17\/otwarcie-placu-sw-floriana-przy-budynku-osp-w-radzyminie\/","title":{"rendered":"Otwarcie placu \u015bw. Floriana przy budynku OSP w Radzyminie"},"content":{"rendered":"<p>Witamy serdecznie,<\/p>\n<p>w zwi\u0105zku z d\u0142ug\u0105 wsp\u00f3\u0142prac\u0105 P.Sylwestra Pacik z Ochotnicz\u0105 Stra\u017c\u0105 Po\u017carn\u0105 w Radzyminie ( <a href=\"http:\/\/www.ospradzymin.pl\/\">www.ospradzymin.pl<\/a>\u00a0), mieli\u015bmy przyjemno\u015b\u0107 uczestniczy\u0107 przy przebudowie placu przed budynkiem jednostki OSP.<\/p>\n<p>Wykonali\u015bmy tablic\u0119 ze stali nierdzewnej polerowanej w kszta\u0142cie\u00a0krzy\u017ca, na kt\u00f3rej zosta\u0142a wygrawerowana laserowo historia Radzymi\u0144skiej Stra\u017cy Po\u017carnej.<\/p>\n<div id='gallery-1' class='gallery galleryid-1663 gallery-columns-1 gallery-size-full'><figure class='gallery-item'>\n\t\t\t<div class='gallery-icon landscape'>\n\t\t\t\t<a href='https:\/\/inoxstal.eu\/wp-content\/uploads\/2016\/05\/Krzyz00009.jpg'><img loading=\"lazy\" decoding=\"async\" width=\"1690\" height=\"651\" src=\"https:\/\/inoxstal.eu\/wp-content\/uploads\/2016\/05\/Krzyz00009.jpg\" class=\"attachment-full size-full\" alt=\"\" srcset=\"https:\/\/inoxstal.eu\/wp-content\/uploads\/2016\/05\/Krzyz00009.jpg 1690w, https:\/\/inoxstal.eu\/wp-content\/uploads\/2016\/05\/Krzyz00009-300x116.jpg 300w, https:\/\/inoxstal.eu\/wp-content\/uploads\/2016\/05\/Krzyz00009-1024x394.jpg 1024w\" sizes=\"auto, (max-width: 1690px) 100vw, 1690px\" \/><\/a>\n\t\t\t<\/div><\/figure>\n\t\t<\/div>\n\n<div id='gallery-2' class='gallery galleryid-1663 gallery-columns-3 gallery-size-thumbnail'><figure class='gallery-item'>\n\t\t\t<div class='gallery-icon landscape'>\n\t\t\t\t<a href='https:\/\/inoxstal.eu\/index.php\/2016\/05\/17\/otwarcie-placu-sw-floriana-przy-budynku-osp-w-radzyminie\/krzyz00001\/'><img loading=\"lazy\" decoding=\"async\" width=\"150\" height=\"150\" src=\"https:\/\/inoxstal.eu\/wp-content\/uploads\/2016\/05\/Krzyz00001-150x150.jpg\" class=\"attachment-thumbnail size-thumbnail\" alt=\"\" srcset=\"https:\/\/inoxstal.eu\/wp-content\/uploads\/2016\/05\/Krzyz00001-150x150.jpg 150w, https:\/\/inoxstal.eu\/wp-content\/uploads\/2016\/05\/Krzyz00001-250x250.jpg 250w\" sizes=\"auto, (max-width: 150px) 100vw, 150px\" \/><\/a>\n\t\t\t<\/div><\/figure><figure class='gallery-item'>\n\t\t\t<div class='gallery-icon landscape'>\n\t\t\t\t<a href='https:\/\/inoxstal.eu\/index.php\/2016\/05\/17\/otwarcie-placu-sw-floriana-przy-budynku-osp-w-radzyminie\/krzyz00008\/'><img loading=\"lazy\" decoding=\"async\" width=\"150\" height=\"150\" src=\"https:\/\/inoxstal.eu\/wp-content\/uploads\/2016\/05\/Krzyz00008-150x150.jpg\" class=\"attachment-thumbnail size-thumbnail\" alt=\"\" srcset=\"https:\/\/inoxstal.eu\/wp-content\/uploads\/2016\/05\/Krzyz00008-150x150.jpg 150w, https:\/\/inoxstal.eu\/wp-content\/uploads\/2016\/05\/Krzyz00008-250x250.jpg 250w\" sizes=\"auto, (max-width: 150px) 100vw, 150px\" \/><\/a>\n\t\t\t<\/div><\/figure><figure class='gallery-item'>\n\t\t\t<div class='gallery-icon landscape'>\n\t\t\t\t<a href='https:\/\/inoxstal.eu\/index.php\/2016\/05\/17\/otwarcie-placu-sw-floriana-przy-budynku-osp-w-radzyminie\/krzyz00007\/'><img loading=\"lazy\" decoding=\"async\" width=\"150\" height=\"150\" src=\"https:\/\/inoxstal.eu\/wp-content\/uploads\/2016\/05\/Krzyz00007-150x150.jpg\" class=\"attachment-thumbnail size-thumbnail\" alt=\"\" srcset=\"https:\/\/inoxstal.eu\/wp-content\/uploads\/2016\/05\/Krzyz00007-150x150.jpg 150w, https:\/\/inoxstal.eu\/wp-content\/uploads\/2016\/05\/Krzyz00007-250x250.jpg 250w\" sizes=\"auto, (max-width: 150px) 100vw, 150px\" \/><\/a>\n\t\t\t<\/div><\/figure><figure class='gallery-item'>\n\t\t\t<div class='gallery-icon landscape'>\n\t\t\t\t<a href='https:\/\/inoxstal.eu\/index.php\/2016\/05\/17\/otwarcie-placu-sw-floriana-przy-budynku-osp-w-radzyminie\/krzyz00006\/'><img loading=\"lazy\" decoding=\"async\" width=\"150\" height=\"150\" src=\"https:\/\/inoxstal.eu\/wp-content\/uploads\/2016\/05\/Krzyz00006-150x150.jpg\" class=\"attachment-thumbnail size-thumbnail\" alt=\"\" srcset=\"https:\/\/inoxstal.eu\/wp-content\/uploads\/2016\/05\/Krzyz00006-150x150.jpg 150w, https:\/\/inoxstal.eu\/wp-content\/uploads\/2016\/05\/Krzyz00006-250x250.jpg 250w\" sizes=\"auto, (max-width: 150px) 100vw, 150px\" \/><\/a>\n\t\t\t<\/div><\/figure><figure class='gallery-item'>\n\t\t\t<div class='gallery-icon landscape'>\n\t\t\t\t<a href='https:\/\/inoxstal.eu\/index.php\/2016\/05\/17\/otwarcie-placu-sw-floriana-przy-budynku-osp-w-radzyminie\/krzyz00005\/'><img loading=\"lazy\" decoding=\"async\" width=\"150\" height=\"150\" src=\"https:\/\/inoxstal.eu\/wp-content\/uploads\/2016\/05\/Krzyz00005-150x150.jpg\" class=\"attachment-thumbnail size-thumbnail\" alt=\"\" srcset=\"https:\/\/inoxstal.eu\/wp-content\/uploads\/2016\/05\/Krzyz00005-150x150.jpg 150w, https:\/\/inoxstal.eu\/wp-content\/uploads\/2016\/05\/Krzyz00005-250x250.jpg 250w\" sizes=\"auto, (max-width: 150px) 100vw, 150px\" \/><\/a>\n\t\t\t<\/div><\/figure><figure class='gallery-item'>\n\t\t\t<div class='gallery-icon landscape'>\n\t\t\t\t<a href='https:\/\/inoxstal.eu\/index.php\/2016\/05\/17\/otwarcie-placu-sw-floriana-przy-budynku-osp-w-radzyminie\/krzyz00004\/'><img loading=\"lazy\" decoding=\"async\" width=\"150\" height=\"150\" src=\"https:\/\/inoxstal.eu\/wp-content\/uploads\/2016\/05\/Krzyz00004-150x150.jpg\" class=\"attachment-thumbnail size-thumbnail\" alt=\"\" srcset=\"https:\/\/inoxstal.eu\/wp-content\/uploads\/2016\/05\/Krzyz00004-150x150.jpg 150w, https:\/\/inoxstal.eu\/wp-content\/uploads\/2016\/05\/Krzyz00004-250x250.jpg 250w\" sizes=\"auto, (max-width: 150px) 100vw, 150px\" \/><\/a>\n\t\t\t<\/div><\/figure><figure class='gallery-item'>\n\t\t\t<div class='gallery-icon landscape'>\n\t\t\t\t<a href='https:\/\/inoxstal.eu\/index.php\/2016\/05\/17\/otwarcie-placu-sw-floriana-przy-budynku-osp-w-radzyminie\/krzyz00003\/'><img loading=\"lazy\" decoding=\"async\" width=\"150\" height=\"150\" src=\"https:\/\/inoxstal.eu\/wp-content\/uploads\/2016\/05\/Krzyz00003-150x150.jpg\" class=\"attachment-thumbnail size-thumbnail\" alt=\"\" srcset=\"https:\/\/inoxstal.eu\/wp-content\/uploads\/2016\/05\/Krzyz00003-150x150.jpg 150w, https:\/\/inoxstal.eu\/wp-content\/uploads\/2016\/05\/Krzyz00003-250x250.jpg 250w\" sizes=\"auto, (max-width: 150px) 100vw, 150px\" \/><\/a>\n\t\t\t<\/div><\/figure><figure class='gallery-item'>\n\t\t\t<div class='gallery-icon landscape'>\n\t\t\t\t<a href='https:\/\/inoxstal.eu\/index.php\/2016\/05\/17\/otwarcie-placu-sw-floriana-przy-budynku-osp-w-radzyminie\/krzyz00002\/'><img loading=\"lazy\" decoding=\"async\" width=\"150\" height=\"150\" src=\"https:\/\/inoxstal.eu\/wp-content\/uploads\/2016\/05\/Krzyz00002-150x150.jpg\" class=\"attachment-thumbnail size-thumbnail\" alt=\"\" srcset=\"https:\/\/inoxstal.eu\/wp-content\/uploads\/2016\/05\/Krzyz00002-150x150.jpg 150w, https:\/\/inoxstal.eu\/wp-content\/uploads\/2016\/05\/Krzyz00002-250x250.jpg 250w\" sizes=\"auto, (max-width: 150px) 100vw, 150px\" \/><\/a>\n\t\t\t<\/div><\/figure>\n\t\t<\/div>\n\n<p>Zdj\u0119cia z\u00a0uroczysto\u015bci otwarcia placu \u015bw. Floriana przy budynku OSP w\u00a0Radzyminie, 3 maja 2016 r. zaczerpni\u0119te ze strony www.radzymin.pl\u00a0foto: Zbigniew Pachulski:<\/p>\n<div id='gallery-3' class='gallery galleryid-1663 gallery-columns-3 gallery-size-thumbnail'><figure class='gallery-item'>\n\t\t\t<div class='gallery-icon landscape'>\n\t\t\t\t<a href='https:\/\/inoxstal.eu\/index.php\/2016\/05\/17\/otwarcie-placu-sw-floriana-przy-budynku-osp-w-radzyminie\/_dsc5781\/'><img loading=\"lazy\" decoding=\"async\" width=\"150\" height=\"150\" src=\"https:\/\/inoxstal.eu\/wp-content\/uploads\/2016\/05\/dsc5781-150x150.jpg\" class=\"attachment-thumbnail size-thumbnail\" alt=\"\" srcset=\"https:\/\/inoxstal.eu\/wp-content\/uploads\/2016\/05\/dsc5781-150x150.jpg 150w, https:\/\/inoxstal.eu\/wp-content\/uploads\/2016\/05\/dsc5781-250x250.jpg 250w\" sizes=\"auto, (max-width: 150px) 100vw, 150px\" \/><\/a>\n\t\t\t<\/div><\/figure><figure class='gallery-item'>\n\t\t\t<div class='gallery-icon landscape'>\n\t\t\t\t<a href='https:\/\/inoxstal.eu\/index.php\/2016\/05\/17\/otwarcie-placu-sw-floriana-przy-budynku-osp-w-radzyminie\/_dsc5755\/'><img loading=\"lazy\" decoding=\"async\" width=\"150\" height=\"150\" src=\"https:\/\/inoxstal.eu\/wp-content\/uploads\/2016\/05\/dsc5755-150x150.jpg\" class=\"attachment-thumbnail size-thumbnail\" alt=\"\" srcset=\"https:\/\/inoxstal.eu\/wp-content\/uploads\/2016\/05\/dsc5755-150x150.jpg 150w, https:\/\/inoxstal.eu\/wp-content\/uploads\/2016\/05\/dsc5755-250x250.jpg 250w\" sizes=\"auto, (max-width: 150px) 100vw, 150px\" \/><\/a>\n\t\t\t<\/div><\/figure><figure class='gallery-item'>\n\t\t\t<div class='gallery-icon landscape'>\n\t\t\t\t<a href='https:\/\/inoxstal.eu\/index.php\/2016\/05\/17\/otwarcie-placu-sw-floriana-przy-budynku-osp-w-radzyminie\/_dsc5670\/'><img loading=\"lazy\" decoding=\"async\" width=\"150\" height=\"150\" src=\"https:\/\/inoxstal.eu\/wp-content\/uploads\/2016\/05\/dsc5670-150x150.jpg\" class=\"attachment-thumbnail size-thumbnail\" alt=\"\" srcset=\"https:\/\/inoxstal.eu\/wp-content\/uploads\/2016\/05\/dsc5670-150x150.jpg 150w, https:\/\/inoxstal.eu\/wp-content\/uploads\/2016\/05\/dsc5670-250x250.jpg 250w\" sizes=\"auto, (max-width: 150px) 100vw, 150px\" \/><\/a>\n\t\t\t<\/div><\/figure>\n\t\t<\/div>\n\n<p>Pozdrawiamy<\/p>\n<p>Zesp\u00f3\u0142 Inoxstal<\/p>\n<p><img loading=\"lazy\" decoding=\"async\" class=\"alignnone size-full wp-image-1115\" src=\"http:\/\/inoxstal.eu\/wp-content\/uploads\/2015\/05\/male-logo.png\" alt=\"male logo\" width=\"206\" height=\"42\" \/><\/p>\n","protected":false},"excerpt":{"rendered":"<p>Witamy serdecznie, w zwi\u0105zku z d\u0142ug\u0105 wsp\u00f3\u0142prac\u0105 P.Sylwestra Pacik z Ochotnicz\u0105 Stra\u017c\u0105 Po\u017carn\u0105 w Radzyminie ( www.ospradzymin.pl\u00a0), mieli\u015bmy przyjemno\u015b\u0107 uczestniczy\u0107<\/p>\n<p class=\"readmore\"><a href=\"https:\/\/inoxstal.eu\/index.php\/2016\/05\/17\/otwarcie-placu-sw-floriana-przy-budynku-osp-w-radzyminie\/\" title=\"Read Otwarcie placu \u015bw. Floriana przy budynku OSP w Radzyminie\">Read more &raquo;<\/a><\/p>\n","protected":false},"author":1,"featured_media":0,"comment_status":"closed","ping_status":"closed","sticky":false,"template":"","format":"standard","meta":{"footnotes":""},"categories":[1],"tags":[88,85,86,87],"class_list":["post-1663","post","type-post","status-publish","format-standard","hentry","category-bez-kategorii","tag-grawerowanie-laserowe","tag-krzyz-nierdzewny","tag-osp","tag-radzymin"],"_links":{"self":[{"href":"https:\/\/inoxstal.eu\/index.php\/wp-json\/wp\/v2\/posts\/1663","targetHints":{"allow":["GET"]}}],"collection":[{"href":"https:\/\/inoxstal.eu\/index.php\/wp-json\/wp\/v2\/posts"}],"about":[{"href":"https:\/\/inoxstal.eu\/index.php\/wp-json\/wp\/v2\/types\/post"}],"author":[{"embeddable":true,"href":"https:\/\/inoxstal.eu\/index.php\/wp-json\/wp\/v2\/users\/1"}],"replies":[{"embeddable":true,"href":"https:\/\/inoxstal.eu\/index.php\/wp-json\/wp\/v2\/comments?post=1663"}],"version-history":[{"count":7,"href":"https:\/\/inoxstal.eu\/index.php\/wp-json\/wp\/v2\/posts\/1663\/revisions"}],"predecessor-version":[{"id":3037,"href":"https:\/\/inoxstal.eu\/index.php\/wp-json\/wp\/v2\/posts\/1663\/revisions\/3037"}],"wp:attachment":[{"href":"https:\/\/inoxstal.eu\/index.php\/wp-json\/wp\/v2\/media?parent=1663"}],"wp:term":[{"taxonomy":"category","embeddable":true,"href":"https:\/\/inoxstal.eu\/index.php\/wp-json\/wp\/v2\/categories?post=1663"},{"taxonomy":"post_tag","embeddable":true,"href":"https:\/\/inoxstal.eu\/index.php\/wp-json\/wp\/v2\/tags?post=1663"}],"curies":[{"name":"wp","href":"https:\/\/api.w.org\/{rel}","templated":true}]}}